{"id":2583,"date":"2023-11-08T11:18:20","date_gmt":"2023-11-08T10:18:20","guid":{"rendered":"https:\/\/www.associazionesara.it\/?p=2583"},"modified":"2023-11-08T11:47:29","modified_gmt":"2023-11-08T10:47:29","slug":"a-scuola-dinclusione","status":"publish","type":"post","link":"https:\/\/www.associazionesara.it\/index.php\/2023\/11\/08\/a-scuola-dinclusione\/","title":{"rendered":"A Scuola d&#8217;Inclusione"},"content":{"rendered":"\t\t<div data-elementor-type=\"wp-post\" data-elementor-id=\"2583\" class=\"elementor elementor-2583\">\n\t\t\t\t\t\t<section class=\"elementor-section elementor-top-section elementor-element elementor-element-7c920907 elementor-section-boxed elementor-section-height-default elementor-section-height-default\" data-id=\"7c920907\" data-element_type=\"section\">\n\t\t\t\t\t\t<div class=\"elementor-container elementor-column-gap-default\">\n\t\t\t\t\t<div class=\"elementor-column elementor-col-100 elementor-top-column elementor-element elementor-element-401c36f3\" data-id=\"401c36f3\" data-element_type=\"column\">\n\t\t\t<div class=\"elementor-widget-wrap elementor-element-populated\">\n\t\t\t\t\t\t<div class=\"elementor-element elementor-element-1da7aa0d elementor-widget elementor-widget-text-editor\" data-id=\"1da7aa0d\" data-element_type=\"widget\" data-widget_type=\"text-editor.default\">\n\t\t\t\t<div class=\"elementor-widget-container\">\n\t\t\t\t\t\t\t<!-- wp:paragraph -->\n<p>L\u2019Universit\u00e0 Bocconi, in collaborazione con il quotidiano&nbsp;<strong>La Repubblica<\/strong>&nbsp;e&nbsp;<strong>Dynamo Academy<\/strong>&nbsp;ed il supporto di&nbsp;<strong>B4i &#8211; Bocconi for Innovation<\/strong>&nbsp;e di&nbsp;<strong>Affari Pubblici<\/strong>, presenta il progetto&nbsp;<strong>A Scuola d\u2019inclusione<\/strong>.<\/p>\n<!-- \/wp:paragraph -->\n\n<!-- wp:paragraph -->\n<p>Il progetto si propone di stimolare i giovani a riflettere ed affrontare in modo costruttivo le sfide poste da&nbsp;<strong>disabilit\u00e0, povert\u00e0, mental health, gender gap e migrazione<\/strong>, sviluppando progetti che contribuiscano a mitigare o annullare l\u2019impatto negativo che tali fattori hanno in termini di inclusione ed equit\u00e0 sociale.<\/p>\n<!-- \/wp:paragraph -->\n\n<!-- wp:paragraph -->\n<p>Tra tutti i progetti verranno selezionati quelli pi\u00f9 efficaci e rispondenti all\u2019obiettivo di impatto territoriale, che saranno presentati nel corso di un&nbsp;<strong>evento ibrido finale&nbsp;<\/strong>che si terr\u00e0 a Roma il<strong>&nbsp;14 maggio 2024<\/strong>.<br><\/p>\n<!-- \/wp:paragraph -->\n\n<!-- wp:paragraph -->\n<p><strong>UNISCITI A NOI PER UN CREARE UN FUTURO MIGLIORE!<\/strong><\/p>\n<!-- \/wp:paragraph -->\n\n<!-- wp:paragraph -->\n<p>Partecipando al progetto potrai:<\/p>\n<!-- \/wp:paragraph -->\n\n<!-- wp:list -->\n<ul><!-- wp:list-item -->\n<li>fare&nbsp;<strong>esperienza pratica<\/strong>, sviluppando e progettando le idee tue e dei tuoi compagni<\/li>\n<!-- \/wp:list-item -->\n\n<!-- wp:list-item -->\n<li><strong>conoscere&nbsp;<\/strong>meglio il tuo territorio e cercare delle soluzioni ai problemi che vedi<\/li>\n<!-- \/wp:list-item -->\n\n<!-- wp:list-item -->\n<li>nello sviluppo del vostro progetto,&nbsp;<strong>confrontarti&nbsp;<\/strong>con alcuni docenti Bocconi e gli enti del terzo settore coinvolti<\/li>\n<!-- \/wp:list-item -->\n\n<!-- wp:list-item -->\n<li>avere il&nbsp;<strong>riconoscimento&nbsp;<\/strong>di questa attivit\u00e0 nel tuo percorso scolastico, secondo le scelte che la tua scuola far\u00e0*!<\/li>\n<!-- \/wp:list-item --><\/ul>\n<!-- \/wp:list -->\n\n<!-- wp:paragraph -->\n<p><strong>VUOI SAPERNE DI PIU&#8217;?<\/strong><\/p>\n<!-- \/wp:paragraph -->\n\n<!-- wp:paragraph -->\n<p>Il 20 ottobre si \u00e8 tenuto l&#8217;evento di&nbsp;<strong>presentazione del progetto e&nbsp;<\/strong><strong>delle 5 tematiche<\/strong>&nbsp;su cui ti invitiamo a lavorare (qui il&nbsp;<a href=\"https:\/\/www.unibocconi.it\/wps\/wcm\/connect\/28f0d164-0a6f-4692-bb92-bc5ed2d53c83\/programma_Mi_lancio.pdf?MOD=AJPERES&amp;CVID=oJ2hfO2\" target=\"_blank\" rel=\"noreferrer noopener\">programma<\/a>&nbsp;della mattinata) e nel pomeriggio si \u00e8 tenuta la prima tappa territoriale, quella dedicata a Milano.<\/p>\n<!-- \/wp:paragraph -->\n\n<!-- wp:paragraph -->\n<p>Consulta la sezione &#8220;<strong>Le presentazioni territoriali<\/strong>&#8221; per scoprire dove incontrarci e leggi il&nbsp;<strong>Manuale Operativo<\/strong>&nbsp;per i dettagli dell&#8217;attivit\u00e0 richiesta e il link di iscrizione al progetto.<\/p>\n<!-- \/wp:paragraph -->\n\n<!-- wp:paragraph -->\n<p>Ti aspettiamo!<\/p>\n<!-- \/wp:paragraph -->\t\t\t\t\t\t<\/div>\n\t\t\t\t<\/div>\n\t\t\t\t\t<\/div>\n\t\t<\/div>\n\t\t\t\t\t<\/div>\n\t\t<\/section>\n\t\t\t\t<section class=\"elementor-section elementor-top-section elementor-element elementor-element-bb7a8f9 elementor-section-boxed elementor-section-height-default elementor-section-height-default\" data-id=\"bb7a8f9\" data-element_type=\"section\">\n\t\t\t\t\t\t<div class=\"elementor-container elementor-column-gap-default\">\n\t\t\t\t\t<div class=\"elementor-column elementor-col-100 elementor-top-column elementor-element elementor-element-536b884\" data-id=\"536b884\" data-element_type=\"column\">\n\t\t\t<div class=\"elementor-widget-wrap elementor-element-populated\">\n\t\t\t\t\t\t<div class=\"elementor-element elementor-element-527d3ce elementor-widget elementor-widget-accordion\" data-id=\"527d3ce\" data-element_type=\"widget\" data-widget_type=\"accordion.default\">\n\t\t\t\t<div class=\"elementor-widget-container\">\n\t\t\t\t\t<div class=\"elementor-accordion\">\n\t\t\t\t\t\t\t<div class=\"elementor-accordion-item\">\n\t\t\t\t\t<div id=\"elementor-tab-title-8641\" class=\"elementor-tab-title\" data-tab=\"1\" role=\"button\" aria-controls=\"elementor-tab-content-8641\" aria-expanded=\"false\">\n\t\t\t\t\t\t\t\t\t\t\t\t\t<span class=\"elementor-accordion-icon elementor-accordion-icon-left\" aria-hidden=\"true\">\n\t\t\t\t\t\t\t\t\t\t\t\t\t\t\t<span class=\"elementor-accordion-icon-closed\"><i class=\"fas fa-plus\"><\/i><\/span>\n\t\t\t\t\t\t\t\t<span class=\"elementor-accordion-icon-opened\"><i class=\"fas fa-minus\"><\/i><\/span>\n\t\t\t\t\t\t\t\t\t\t\t\t\t\t<\/span>\n\t\t\t\t\t\t\t\t\t\t\t\t<a class=\"elementor-accordion-title\" tabindex=\"0\">Chi pu\u00f2 partecipare<\/a>\n\t\t\t\t\t<\/div>\n\t\t\t\t\t<div id=\"elementor-tab-content-8641\" class=\"elementor-tab-content elementor-clearfix\" data-tab=\"1\" role=\"region\" aria-labelledby=\"elementor-tab-title-8641\"><p>La partecipazione \u00e8 aperta a studentesse e studenti iscritti agli istituti di istruzione secondaria superiore con sede in Italia\u00a0\u2014\u00a0che considerano Bocconi una scelta per l\u2019educazione terziaria.<\/p>\n<p>La partecipazione pu\u00f2 avvenire unicamente in gruppo. Ciascun team deve essere composto da almeno\u00a0<strong>quattro<\/strong>\u00a0studenti fino a un massimo di\u00a0<strong>trenta<\/strong>, obbligatoriamente della stessa scuola.<\/p><\/div>\n\t\t\t\t<\/div>\n\t\t\t\t\t\t\t<div class=\"elementor-accordion-item\">\n\t\t\t\t\t<div id=\"elementor-tab-title-8642\" class=\"elementor-tab-title\" data-tab=\"2\" role=\"button\" aria-controls=\"elementor-tab-content-8642\" aria-expanded=\"false\">\n\t\t\t\t\t\t\t\t\t\t\t\t\t<span class=\"elementor-accordion-icon elementor-accordion-icon-left\" aria-hidden=\"true\">\n\t\t\t\t\t\t\t\t\t\t\t\t\t\t\t<span class=\"elementor-accordion-icon-closed\"><i class=\"fas fa-plus\"><\/i><\/span>\n\t\t\t\t\t\t\t\t<span class=\"elementor-accordion-icon-opened\"><i class=\"fas fa-minus\"><\/i><\/span>\n\t\t\t\t\t\t\t\t\t\t\t\t\t\t<\/span>\n\t\t\t\t\t\t\t\t\t\t\t\t<a class=\"elementor-accordion-title\" tabindex=\"0\">Tempistica<\/a>\n\t\t\t\t\t<\/div>\n\t\t\t\t\t<div id=\"elementor-tab-content-8642\" class=\"elementor-tab-content elementor-clearfix\" data-tab=\"2\" role=\"region\" aria-labelledby=\"elementor-tab-title-8642\"><p>Il progetto prender\u00e0 avvio a Milano<strong>\u00a0il 20 ottobre 2023<\/strong>\u00a0con un evento ibrido.<\/p>\n<p>Tra ottobre e dicembre si terranno\u00a0<strong>10 incontri in altrettante citt\u00e0 italiane<\/strong>: Bari, Bologna, Firenze, Genova, Milano, Napoli, Padova, Palermo, Roma e Torino.<\/p>\n<p>I team interessati possono iscriversi tra il 20 ottobre 2023 e il 31 gennaio 2024, e hanno\u00a0<strong>tempo fino al 29 marzo per presentare il loro progetto<\/strong>.<\/p><\/div>\n\t\t\t\t<\/div>\n\t\t\t\t\t\t\t<div class=\"elementor-accordion-item\">\n\t\t\t\t\t<div id=\"elementor-tab-title-8643\" class=\"elementor-tab-title\" data-tab=\"3\" role=\"button\" aria-controls=\"elementor-tab-content-8643\" aria-expanded=\"false\">\n\t\t\t\t\t\t\t\t\t\t\t\t\t<span class=\"elementor-accordion-icon elementor-accordion-icon-left\" aria-hidden=\"true\">\n\t\t\t\t\t\t\t\t\t\t\t\t\t\t\t<span class=\"elementor-accordion-icon-closed\"><i class=\"fas fa-plus\"><\/i><\/span>\n\t\t\t\t\t\t\t\t<span class=\"elementor-accordion-icon-opened\"><i class=\"fas fa-minus\"><\/i><\/span>\n\t\t\t\t\t\t\t\t\t\t\t\t\t\t<\/span>\n\t\t\t\t\t\t\t\t\t\t\t\t<a class=\"elementor-accordion-title\" tabindex=\"0\">L'elaborato finale<\/a>\n\t\t\t\t\t<\/div>\n\t\t\t\t\t<div id=\"elementor-tab-content-8643\" class=\"elementor-tab-content elementor-clearfix\" data-tab=\"3\" role=\"region\" aria-labelledby=\"elementor-tab-title-8643\"><p>Partendo dal proprio vissuto, ogni team dovr\u00e0 mettersi alla prova ideando un progetto ad impatto sociale. Per fare ci\u00f2 sar\u00e0 necessario selezionare la<strong>\u00a0tematica<\/strong>\u00a0da trattare, definire il\u00a0<strong>\u00abterritorio\u00bb<\/strong>\u00a0su cui insistere, valutare se coinvolgere un\u00a0<strong>ente del terzo settore<\/strong>\u00a0(ETS) attivo su quella tematica e nel proprio territorio, identificare i\u00a0<strong>beneficiari\u00a0<\/strong>delle attivit\u00e0, progettare le\u00a0<strong>attivit\u00e0\u00a0<\/strong>da realizzare e sviluppare un\u00a0<strong>progetto<\/strong>\u00a0completo di budget e misuratori di efficacia.<\/p>\n<p>Una volta iscritti, i team partecipanti riceveranno dagli organizzatori\u00a0<strong>diversi materiali digitali e di progetto<\/strong>, utili a comprendere meglio le aree tematiche e la metodologia da applicare. Tra i materiali inviati ci sar\u00e0 anche il dettaglio del project work da sviluppare, cos\u00ec che ogni team abbia una traccia dettagliata da seguire nel proprio lavoro.<\/p>\n<p>Ogni team partecipante potr\u00e0 presentare un unico elaborato finale in uno dei seguenti\u00a0<strong>formati<\/strong>: word, powerpoint o video.<\/p>\n<p>Per maggiori informazioni sulle risorse che saranno messe a disposizione e sulla tipologia di lavoro da sviluppare si invita a\u00a0<strong>consultare il\u00a0<a title=\"Manuale Operativo_A Scuola di inclusione\" href=\"https:\/\/www.unibocconi.it\/wps\/wcm\/connect\/4ec2edcd-e3fa-49b5-baa2-bd777e6126c1\/Manuale+Operativo_ASI_DEF.pdf?MOD=AJPERES&amp;CVID=oITurIx\" target=\"_blank\" rel=\"noopener\">Manuale Operativo<\/a>\u00a0<\/strong>del progetto.<\/p><\/div>\n\t\t\t\t<\/div>\n\t\t\t\t\t\t\t<div class=\"elementor-accordion-item\">\n\t\t\t\t\t<div id=\"elementor-tab-title-8644\" class=\"elementor-tab-title\" data-tab=\"4\" role=\"button\" aria-controls=\"elementor-tab-content-8644\" aria-expanded=\"false\">\n\t\t\t\t\t\t\t\t\t\t\t\t\t<span class=\"elementor-accordion-icon elementor-accordion-icon-left\" aria-hidden=\"true\">\n\t\t\t\t\t\t\t\t\t\t\t\t\t\t\t<span class=\"elementor-accordion-icon-closed\"><i class=\"fas fa-plus\"><\/i><\/span>\n\t\t\t\t\t\t\t\t<span class=\"elementor-accordion-icon-opened\"><i class=\"fas fa-minus\"><\/i><\/span>\n\t\t\t\t\t\t\t\t\t\t\t\t\t\t<\/span>\n\t\t\t\t\t\t\t\t\t\t\t\t<a class=\"elementor-accordion-title\" tabindex=\"0\">Le presentazioni territoriali<\/a>\n\t\t\t\t\t<\/div>\n\t\t\t\t\t<div id=\"elementor-tab-content-8644\" class=\"elementor-tab-content elementor-clearfix\" data-tab=\"4\" role=\"region\" aria-labelledby=\"elementor-tab-title-8644\"><p>Tra ottobre e dicembre si terranno\u00a0<strong>10 incontri in altrettante citt\u00e0 italiane<\/strong>: Bari, Bologna, Firenze, Genova, Milano, Napoli, Padova, Palermo, Roma e Torino.<\/p>\n<p>Per ciascuna citt\u00e0, gli studenti avranno l\u2019opportunit\u00e0 di conoscere ed entrare in contatto con una realt\u00e0 territoriale Ente del Terzo Settore (ETS) che, con le sue attivit\u00e0, si impegna a contrastare l\u2019esclusione sociale generata da una delle sfere tematiche considerate\u00a0\u2014\u00a0e nello sviluppo del project work potranno quindi scegliere se presentare un progetto con l\u2019ente del terzo settore (ETS) coinvolto nell\u2019incontro o se sviluppare un progetto in una delle altre 4 aree tematiche individuate.<\/p>\n<p>Per partecipare agli incontri territoriali \u00e8 necessario\u00a0<strong>iscriversi\u00a0<\/strong>e riservare il proprio posto.<\/p>\n<p>Qui il calendario completo degli incontri, che si svolgeranno tutti dalle 9.30 alle 12.30:<\/p>\n<p>\u2014\u00a0<strong>9 novembre, GENOVA<br \/>\u00a0\u00a0\u00a0\u00a0\u00a0<\/strong><em>c\/o Fondazione Luzzati Teatro della Tosse \u2014 Piazza Renato Negri,6 &#8211; Genova<\/em><br \/>\u00a0\u00a0\u00a0\u00a0\u00a0<a title=\"Bocconi a Genova - programma incontro\" href=\"https:\/\/www.unibocconi.it\/wps\/wcm\/connect\/c35631ec-30fb-4e08-b0bf-994b7cd41d51\/programma_GE.pdf?MOD=AJPERES&amp;CVID=oK144uI\" target=\"_blank\" rel=\"noopener\">programma<\/a>\u00a0&#8211;\u00a0<a title=\"Bocconi a Genova - form iscrizione incontro\" href=\"https:\/\/info.unibocconi.it\/info\/session.php?tipo=T&amp;lingua=ita&amp;key=INCL_GE\" target=\"_blank\" rel=\"noopener\">form di iscrizione<\/a><\/p>\n<p>\u2014\u00a0<strong>13 novembre, PALERMO<\/strong><br \/>\u00a0\u00a0\u00a0\u00a0\u00a0<em>c\/o Ecomuseo Mare Memoria Viva \u2014 Via Messina Marine, 14 &#8211; Palermo<\/em><br aria-hidden=\"true\" \/>\u00a0\u00a0\u00a0\u00a0\u00a0<a title=\"Bocconi a Palermo - programma incontro\" href=\"https:\/\/www.unibocconi.it\/wps\/wcm\/connect\/ece90169-b30e-45bc-a531-310a9e4b4d48\/programma_PA.pdf?MOD=AJPERES&amp;CVID=oH.rXl2\" target=\"_blank\" rel=\"noopener\">programma<\/a>\u00a0&#8211;\u00a0<a title=\"Bocconi a Palermo - form iscrizione incontro\" href=\"https:\/\/info.unibocconi.it\/info\/session.php?tipo=T&amp;lingua=ita&amp;key=INCL_PA\" target=\"_blank\" rel=\"noopener\">form di iscrizione<\/a><\/p>\n<p>\u2014\u00a0<strong>16 novembre, TORINO<\/strong><br \/>\u00a0\u00a0\u00a0\u00a0\u00a0<em>c\/o NH Torino Centro \u2014 Corso Vittorio Emanuele II, 104 &#8211; Torino<\/em><br \/>\u00a0\u00a0\u00a0\u00a0\u00a0<a title=\"Bocconi a Torino - programma incontro\" href=\"https:\/\/www.unibocconi.it\/wps\/wcm\/connect\/5e87034e-6ad7-4ec0-a615-d274d143f043\/programma_TO.pdf?MOD=AJPERES&amp;CVID=oKkytz2\" target=\"_blank\" rel=\"noopener\">programma<\/a>\u00a0&#8211;\u00a0<a title=\"Bocconi a Torino - form iscrizione incontro\" href=\"https:\/\/info.unibocconi.it\/info\/session.php?tipo=T&amp;lingua=ita&amp;key=INCL_TO\" target=\"_blank\" rel=\"noopener\">form di iscrizione<\/a><\/p>\n<p>\u2014\u00a0<strong>20 novembre, NAPOLI<\/strong><br \/>\u00a0\u00a0\u00a0\u00a0\u00a0<em>c\/o Ramada Naples City Centre \u2014 Via Galileo Ferraris, 40 &#8211; Napoli<\/em><br \/>\u00a0\u00a0\u00a0\u00a0\u00a0<a title=\"Bocconi a Napoli - programma incontro\" href=\"https:\/\/www.unibocconi.it\/wps\/wcm\/connect\/d0030959-d159-45a6-8a5b-013b0d4d07b9\/programma_NA.pdf?MOD=AJPERES&amp;CVID=oKKllbP\" target=\"_blank\" rel=\"noopener\">programma<\/a>\u00a0&#8211;\u00a0<a title=\"Bocconi a Napoli - form iscrizione incontro\" href=\"https:\/\/info.unibocconi.it\/info\/session.php?tipo=T&amp;lingua=ita&amp;key=INCL_NA\" target=\"_blank\" rel=\"noopener\">form di iscrizione<\/a><\/p>\n<p>\u2014\u00a0<strong>22 novembre, ROMA<br \/>\u00a0\u00a0\u00a0\u00a0\u00a0<\/strong><em>c\/o<strong>\u00a0<\/strong>Rome Marriott Grand Hotel Flora \u2014\u00a0<span class=\"x_x_x_x_x_LrzXr x_ContentPasted0\"><span class=\"x_LrzXr x_ContentPasted1\">Via Vittorio Veneto, 191 &#8211; Roma<\/span><\/span><\/em><br \/>\u00a0\u00a0\u00a0\u00a0\u00a0<a title=\"Bocconi a Roma - programma incontro\" href=\"https:\/\/www.unibocconi.it\/wps\/wcm\/connect\/1d372830-9ba3-49d4-83a0-2d7ddd31cf9f\/programma_RM.pdf?MOD=AJPERES&amp;CVID=oH.rBrl\" target=\"_blank\" rel=\"noopener\">programma<\/a>\u00a0&#8211;\u00a0<a title=\"Bocconi a Roma - form iscrizione incontro\" href=\"https:\/\/info.unibocconi.it\/info\/session.php?tipo=T&amp;lingua=ita&amp;key=INCL_RM\" target=\"_blank\" rel=\"noopener\">form di iscrizione<\/a><\/p>\n<p>\u2014\u00a0<strong>6 dicembre, FIRENZE<\/strong><br \/>\u00a0\u00a0 \u00a0\u00a0<em>c\/o Grand Hotel Mediterraneo \u2014\u00a0<span class=\"x_x_x_x_x_LrzXr x_ContentPasted0\"><span class=\"x_LrzXr\">Lungarno del Tempio, 44 &#8211; Firenze<\/span><\/span><br \/><\/em>\u00a0\u00a0\u00a0\u00a0\u00a0<a title=\"Bocconi a Firenze - programma incontro\" href=\"https:\/\/www.unibocconi.it\/wps\/wcm\/connect\/65c3dd3f-4db2-4856-b19e-dec397ec9a9a\/programma_FI.pdf?MOD=AJPERES&amp;CVID=oIjBiTV\" target=\"_blank\" rel=\"noopener\">programma<\/a>\u00a0&#8211;\u00a0<a title=\"Bocconi a Firenze - form iscrizione incontro\" href=\"https:\/\/info.unibocconi.it\/info\/session.php?tipo=T&amp;lingua=ita&amp;key=INCL_FI\" target=\"_blank\" rel=\"noopener\">form di iscrizione<\/a><\/p>\n<p>\u2014\u00a0<strong>13 dicembre, BOLOGNA<br \/><\/strong>\u00a0\u00a0\u00a0\u00a0\u00a0<em>c\/o NH De La Gare \u2014\u00a0<span class=\"x_x_x_x_x_x_x_elementToProof x_x_x_x_x_x_x_ContentPasted0 x_x_x_x_x_ContentPasted0 x_x_x_x_x_ContentPasted1\"><span class=\"x_x_x_x_x_LrzXr x_ContentPasted0\"><span class=\"x_LrzXr x_ContentPasted4\">P.za XX Settembre, 2 &#8211; Bologna<\/span><\/span><\/span><\/em><br \/>\u00a0\u00a0\u00a0\u00a0\u00a0<a title=\"Bocconi a Bologna - programma incontro\" href=\"https:\/\/www.unibocconi.it\/wps\/wcm\/connect\/77668846-a55f-456f-b1e6-20929ac25bf2\/programma_BO.pdf?MOD=AJPERES&amp;CVID=oH.pCB7\" target=\"_blank\" rel=\"noopener\">programma<\/a>\u00a0&#8211;\u00a0<a title=\"Bocconi a Bologna - form iscrizione incontro\" href=\"https:\/\/info.unibocconi.it\/info\/session.php?tipo=T&amp;lingua=ita&amp;key=INCL_BO\" target=\"_blank\" rel=\"noopener\">form di iscrizione<\/a><\/p>\n<p><br \/>Incontri gi\u00e0 tenuti:<\/p>\n<p>\u2014\u00a0<strong>20 ottobre, MILANO\u00a0<\/strong>\u2014\u00a0<a href=\"https:\/\/www.unibocconi.it\/wps\/wcm\/connect\/34678845-527b-44b8-973e-494f26b32198\/programma_Mi_territorio.pdf?MOD=AJPERES&amp;CVID=oHc7SkS\" target=\"_blank\" rel=\"noopener\">programma<\/a>\u00a0<\/p>\n<p>\u2014\u00a0<strong>25 ottobre, BARI<\/strong>\u00a0\u2014\u00a0<a title=\"Bocconi a Bari - programma incontro\" href=\"https:\/\/www.unibocconi.it\/wps\/wcm\/connect\/c260051b-4b48-4652-9999-d4d4640b5526\/programma_BA.pdf?MOD=AJPERES&amp;CVID=oJds3uR\" target=\"_blank\" rel=\"noopener\">programma<\/a><\/p>\n<p>\u2014<strong>\u00a07 novembre, PADOVA<\/strong><em>\u00a0\u2014<\/em><strong><em>\u00a0<\/em><\/strong><a title=\"Bocconi a Padova - programma incontro\" href=\"https:\/\/www.unibocconi.it\/wps\/wcm\/connect\/4031e0f4-4dd6-44a9-a761-3c485708651f\/programma_PD.pdf?MOD=AJPERES&amp;CVID=oK1484J\" target=\"_blank\" rel=\"noopener\">programma<\/a>\u00a0<\/p><\/div>\n\t\t\t\t<\/div>\n\t\t\t\t\t\t\t\t<\/div>\n\t\t\t\t<\/div>\n\t\t\t\t<\/div>\n\t\t\t\t\t<\/div>\n\t\t<\/div>\n\t\t\t\t\t<\/div>\n\t\t<\/section>\n\t\t\t\t<\/div>\n\t\t","protected":false},"excerpt":{"rendered":"<p>L\u2019Universit\u00e0 Bocconi, in collaborazione con il quotidiano&nbsp;La Repubblica&nbsp;e&nbsp;Dynamo Academy&nbsp;ed il supporto di&nbsp;B4i &#8211; Bocconi for Innovation&nbsp;e di&nbsp;Affari Pubblici, presenta il progetto&nbsp;A Scuola d\u2019inclusione. Il progetto si propone di stimolare i giovani a riflettere ed affrontare in modo costruttivo le sfide poste da&nbsp;disabilit\u00e0, povert\u00e0, mental health, gender gap e migrazione, sviluppando progetti che contribuiscano a mitigare &hellip;<\/p>\n","protected":false},"author":1,"featured_media":2588,"comment_status":"open","ping_status":"open","sticky":false,"template":"","format":"standard","meta":{"_uf_show_specific_survey":0,"_uf_disable_surveys":false},"categories":[1],"tags":[],"_links":{"self":[{"href":"https:\/\/www.associazionesara.it\/index.php\/wp-json\/wp\/v2\/posts\/2583"}],"collection":[{"href":"https:\/\/www.associazionesara.it\/index.php\/wp-json\/wp\/v2\/posts"}],"about":[{"href":"https:\/\/www.associazionesara.it\/index.php\/wp-json\/wp\/v2\/types\/post"}],"author":[{"embeddable":true,"href":"https:\/\/www.associazionesara.it\/index.php\/wp-json\/wp\/v2\/users\/1"}],"replies":[{"embeddable":true,"href":"https:\/\/www.associazionesara.it\/index.php\/wp-json\/wp\/v2\/comments?post=2583"}],"version-history":[{"count":4,"href":"https:\/\/www.associazionesara.it\/index.php\/wp-json\/wp\/v2\/posts\/2583\/revisions"}],"predecessor-version":[{"id":2589,"href":"https:\/\/www.associazionesara.it\/index.php\/wp-json\/wp\/v2\/posts\/2583\/revisions\/2589"}],"wp:featuredmedia":[{"embeddable":true,"href":"https:\/\/www.associazionesara.it\/index.php\/wp-json\/wp\/v2\/media\/2588"}],"wp:attachment":[{"href":"https:\/\/www.associazionesara.it\/index.php\/wp-json\/wp\/v2\/media?parent=2583"}],"wp:term":[{"taxonomy":"category","embeddable":true,"href":"https:\/\/www.associazionesara.it\/index.php\/wp-json\/wp\/v2\/categories?post=2583"},{"taxonomy":"post_tag","embeddable":true,"href":"https:\/\/www.associazionesara.it\/index.php\/wp-json\/wp\/v2\/tags?post=2583"}],"curies":[{"name":"wp","href":"https:\/\/api.w.org\/{rel}","templated":true}]}}