{"id":656,"date":"2016-11-04T13:06:24","date_gmt":"2016-11-04T12:06:24","guid":{"rendered":"http:\/\/www.associazionesara.it\/?p=656"},"modified":"2018-02-08T15:59:59","modified_gmt":"2018-02-08T14:59:59","slug":"formazione-istituzionale","status":"publish","type":"post","link":"https:\/\/www.associazionesara.it\/index.php\/2016\/11\/04\/formazione-istituzionale\/","title":{"rendered":"Formazione Istituzionale"},"content":{"rendered":"<p style=\"text-align: justify;\">Il concetto di <a href=\"https:\/\/it.wikipedia.org\/wiki\/Formazione\" target=\"_blank\" rel=\"noopener\">formazione<\/a> ha molteplici significati ed \u00e8 usato in diverse discipline; il significato deriva da formare, da cui dare una forma. Il concetto formato si differenzia da fatto proprio per la struttura organica e organizzata. Il contenuto di un recipiente si realizza in un attimo: la <a href=\"https:\/\/it.wikipedia.org\/wiki\/Formazione\" target=\"_blank\" rel=\"noopener\">formazione<\/a> richiede del tempo tecnico, tempo che necessita per formare, per assimilare e per comprendere. La <a href=\"https:\/\/it.wikipedia.org\/wiki\/Formazione\" target=\"_blank\" rel=\"noopener\">formazione<\/a> infatti non \u00e8 un insieme di nozioni contenute in un cassetto ma al contrario \u00e8 il risultato di un piano formativo organico che tende a strutturare, solidificare e rinforzare in maniera completa. Questo vale sia sotto il profilo della struttura delle cose che sotto il profilo delle persone. Ogni stato \u00e8 organizzato con una sua struttura per dare un\u2019istruzione di base uguale a tutti i suoi cittadini e per garantire l\u2019accesso alle attivit\u00e0 di <a href=\"https:\/\/it.wikipedia.org\/wiki\/Formazione\" target=\"_blank\" rel=\"noopener\">formazione<\/a>.\u00a0 In Italia la <a href=\"https:\/\/it.wikipedia.org\/wiki\/Formazione\" target=\"_blank\" rel=\"noopener\">formazione<\/a> \u00e8 competenza delle Regioni, che la attuano direttamente o mediante il ricorso a convezioni con Enti privati, mentre l&#8217;istruzione \u00e8 di competenza dello Stato centrale, che la attua attraverso scuole pubbliche e disciplina l\u2019attivit\u00e0 delle scuole private. La <a href=\"https:\/\/it.wikipedia.org\/wiki\/Formazione\" target=\"_blank\" rel=\"noopener\">formazione<\/a> istituzionale si divide in obbligatoria e libera, la <a href=\"https:\/\/it.wikipedia.org\/wiki\/Formazione\" target=\"_blank\" rel=\"noopener\">formazione<\/a> obbligatoria \u00e8 quella che ogni Stato impone per dare una conoscenza e una cultura minima ai suoi cittadini; e quella libera \u00e8 quella che ognuno pu\u00f2 coltivare liberamente su qualsiasi argomento e livello culturale, sia in privato, sia pubblicamente.<\/p>\n","protected":false},"excerpt":{"rendered":"<p>Il concetto di formazione ha molteplici significati ed \u00e8 usato in diverse discipline; il significato deriva da formare, da cui dare una forma. Il concetto formato si differenzia da fatto proprio per la struttura organica e organizzata. Il contenuto di un recipiente si realizza in un attimo: la formazione richiede del tempo tecnico, tempo che &hellip;<\/p>\n","protected":false},"author":1,"featured_media":657,"comment_status":"open","ping_status":"open","sticky":false,"template":"","format":"standard","meta":{"_uf_show_specific_survey":0,"_uf_disable_surveys":false},"categories":[10],"tags":[68,31,59,69],"_links":{"self":[{"href":"https:\/\/www.associazionesara.it\/index.php\/wp-json\/wp\/v2\/posts\/656"}],"collection":[{"href":"https:\/\/www.associazionesara.it\/index.php\/wp-json\/wp\/v2\/posts"}],"about":[{"href":"https:\/\/www.associazionesara.it\/index.php\/wp-json\/wp\/v2\/types\/post"}],"author":[{"embeddable":true,"href":"https:\/\/www.associazionesara.it\/index.php\/wp-json\/wp\/v2\/users\/1"}],"replies":[{"embeddable":true,"href":"https:\/\/www.associazionesara.it\/index.php\/wp-json\/wp\/v2\/comments?post=656"}],"version-history":[{"count":1,"href":"https:\/\/www.associazionesara.it\/index.php\/wp-json\/wp\/v2\/posts\/656\/revisions"}],"predecessor-version":[{"id":658,"href":"https:\/\/www.associazionesara.it\/index.php\/wp-json\/wp\/v2\/posts\/656\/revisions\/658"}],"wp:featuredmedia":[{"embeddable":true,"href":"https:\/\/www.associazionesara.it\/index.php\/wp-json\/wp\/v2\/media\/657"}],"wp:attachment":[{"href":"https:\/\/www.associazionesara.it\/index.php\/wp-json\/wp\/v2\/media?parent=656"}],"wp:term":[{"taxonomy":"category","embeddable":true,"href":"https:\/\/www.associazionesara.it\/index.php\/wp-json\/wp\/v2\/categories?post=656"},{"taxonomy":"post_tag","embeddable":true,"href":"https:\/\/www.associazionesara.it\/index.php\/wp-json\/wp\/v2\/tags?post=656"}],"curies":[{"name":"wp","href":"https:\/\/api.w.org\/{rel}","templated":true}]}}