{"id":843,"date":"2017-01-04T12:09:14","date_gmt":"2017-01-04T11:09:14","guid":{"rendered":"http:\/\/www.associazionesara.it\/?p=843"},"modified":"2018-02-08T15:48:32","modified_gmt":"2018-02-08T14:48:32","slug":"l-i-m","status":"publish","type":"post","link":"https:\/\/www.associazionesara.it\/index.php\/2017\/01\/04\/l-i-m\/","title":{"rendered":"L.I.M."},"content":{"rendered":"<p style=\"text-align: justify;\">La L.I.M. <a href=\"https:\/\/it.wikipedia.org\/wiki\/Lavagna\" target=\"_blank\" rel=\"noopener\">lavagna<\/a> multimediale, \u00e8 una superficie interattiva su cui \u00e8 possibile scrivere, disegnare, visualizzare testi. La L.I.M. \u00e8 uno strumento di integrazione con la didattica d\u2019aula poich\u00e9 coniuga la forza della visualizzazione e della presentazione tipiche della <a href=\"https:\/\/it.wikipedia.org\/wiki\/Lavagna\" target=\"_blank\" rel=\"noopener\">lavagna<\/a> tradizionale con le opportunit\u00e0 del digitale e della multimedialit\u00e0. L\u2019iniziale percezione della L.I.M. \u00e8 stata generalmente positiva. Gli insegnanti affermano inoltre che una tale tecnologia non pu\u00f2 che offrire stimoli per rivedere il proprio approccio metodologico e percepiscono ricadute positive sull\u2019efficacia della didattica. Gli obiettivi principali dei moduli \u00e8 acquisire sicurezza nella progettazione di attivit\u00e0 didattiche: con l\u2019uso della <a href=\"https:\/\/it.wikipedia.org\/wiki\/Lavagna\" target=\"_blank\" rel=\"noopener\">Lavagna<\/a> Multimediale, con l\u2019uso delle risorse in rete per arricchire le spiegazioni alla LIM, con la creazione di materiali didattici sintetici ed evocati come le buone pratiche di realizzazione di Presentazioni multimediali richiedono. L\u2019innovazione delle pratiche educative \u00e8 un processo di profonda trasformazione, per cui il docente necessita di essere sostenuto nella sua esperienza professionale. Per sfruttare al meglio le enormi potenzialit\u00e0 della L.I.M. occorrono non tanto particolari competenze informatiche quanto la condivisione di metodologie didattiche specifiche e la disponibilit\u00e0 di materiali operativi pensati appositamente per questo mezzo.<\/p>\n","protected":false},"excerpt":{"rendered":"<p>La L.I.M. lavagna multimediale, \u00e8 una superficie interattiva su cui \u00e8 possibile scrivere, disegnare, visualizzare testi. La L.I.M. \u00e8 uno strumento di integrazione con la didattica d\u2019aula poich\u00e9 coniuga la forza della visualizzazione e della presentazione tipiche della lavagna tradizionale con le opportunit\u00e0 del digitale e della multimedialit\u00e0. L\u2019iniziale percezione della L.I.M. \u00e8 stata generalmente &hellip;<\/p>\n","protected":false},"author":1,"featured_media":844,"comment_status":"open","ping_status":"open","sticky":false,"template":"","format":"standard","meta":{"_uf_show_specific_survey":0,"_uf_disable_surveys":false},"categories":[11],"tags":[31,90,89],"_links":{"self":[{"href":"https:\/\/www.associazionesara.it\/index.php\/wp-json\/wp\/v2\/posts\/843"}],"collection":[{"href":"https:\/\/www.associazionesara.it\/index.php\/wp-json\/wp\/v2\/posts"}],"about":[{"href":"https:\/\/www.associazionesara.it\/index.php\/wp-json\/wp\/v2\/types\/post"}],"author":[{"embeddable":true,"href":"https:\/\/www.associazionesara.it\/index.php\/wp-json\/wp\/v2\/users\/1"}],"replies":[{"embeddable":true,"href":"https:\/\/www.associazionesara.it\/index.php\/wp-json\/wp\/v2\/comments?post=843"}],"version-history":[{"count":1,"href":"https:\/\/www.associazionesara.it\/index.php\/wp-json\/wp\/v2\/posts\/843\/revisions"}],"predecessor-version":[{"id":845,"href":"https:\/\/www.associazionesara.it\/index.php\/wp-json\/wp\/v2\/posts\/843\/revisions\/845"}],"wp:featuredmedia":[{"embeddable":true,"href":"https:\/\/www.associazionesara.it\/index.php\/wp-json\/wp\/v2\/media\/844"}],"wp:attachment":[{"href":"https:\/\/www.associazionesara.it\/index.php\/wp-json\/wp\/v2\/media?parent=843"}],"wp:term":[{"taxonomy":"category","embeddable":true,"href":"https:\/\/www.associazionesara.it\/index.php\/wp-json\/wp\/v2\/categories?post=843"},{"taxonomy":"post_tag","embeddable":true,"href":"https:\/\/www.associazionesara.it\/index.php\/wp-json\/wp\/v2\/tags?post=843"}],"curies":[{"name":"wp","href":"https:\/\/api.w.org\/{rel}","templated":true}]}}