{"id":855,"date":"2017-01-12T15:39:42","date_gmt":"2017-01-12T14:39:42","guid":{"rendered":"http:\/\/www.associazionesara.it\/?p=855"},"modified":"2017-01-12T15:39:42","modified_gmt":"2017-01-12T14:39:42","slug":"innovazione-pedagogica","status":"publish","type":"post","link":"https:\/\/www.associazionesara.it\/index.php\/2017\/01\/12\/innovazione-pedagogica\/","title":{"rendered":"Innovazione Pedagogica"},"content":{"rendered":"<p style=\"text-align: justify;\">Il ruolo sociale sempre pi\u00f9 centrale che ha contrassegnato la <a href=\"https:\/\/it.wikipedia.org\/wiki\/Pedagogia\" target=\"_blank\" rel=\"noopener\">pedagogia<\/a> nell&#8217;et\u00e0 contemporanea si \u00e8 manifestato soprattutto come una stretta dipendenza dall&#8217;ideologia, dai progetti di dominio, organizzazione e trasformazione del mondo sociale, espressi dalle diverse classi sociali, dai gruppi culturali e cos\u00ec via. La costruttivit\u00e0 ha avuto un ruolo tutt&#8217;altro che marginale, nel senso che la <a href=\"https:\/\/it.wikipedia.org\/wiki\/Pedagogia\" target=\"_blank\" rel=\"noopener\">pedagogia<\/a> \/ educazione da una parte si colloca certamente come un movimento all&#8217;interno delle ideologie, come una tappa della loro fenomenologia, ne riceve connotazioni teoriche (modelli di formazione) e collocazioni pratiche (strategie e tattiche) ma allo stesso tempo essa stessa \u00e8 riproduttrice e divulgatrice di ideologia, essendo anzi il luogo prediletto della diffusione sociale dell&#8217;ideologia, soprattutto tramite l&#8217;istituzione scolastica. La <a href=\"https:\/\/it.wikipedia.org\/wiki\/Pedagogia\" target=\"_blank\" rel=\"noopener\">pedagogia<\/a> si fa carico di una generale volont\u00e0 di coesione, di unificazione sociale, attraverso il ruolo di socializzazione che essa viene concretamente ad esercitare e a far valere come proprio compito. C&#8217;\u00e8 dunque una forte simbiosi con l&#8217;ideologia ma una simbiosi da analizzare globalmente e senza facili semplicismi. L&#8217;importanza sociale dell&#8217;ideologia ha anche affermato la centralit\u00e0 della <a href=\"https:\/\/it.wikipedia.org\/wiki\/Pedagogia\" target=\"_blank\" rel=\"noopener\">pedagogia<\/a>, che nel modo pi\u00f9 scoperto e organico si \u00e8 fatta carico degli obiettivi ideologici di una societ\u00e0, nella trasmissione di saperi, di comportamenti, di atteggiamenti mentali, quali ad esempio la produttivit\u00e0 come stile di vita.<br \/>\nNella <a href=\"https:\/\/it.wikipedia.org\/wiki\/Pedagogia\" target=\"_blank\" rel=\"noopener\">pedagogia<\/a> contemporanea si \u00e8 posta al centro la funzione politica della <a href=\"https:\/\/it.wikipedia.org\/wiki\/Pedagogia\" target=\"_blank\" rel=\"noopener\">pedagogia<\/a> e il suo collocarsi dentro la nicchia della societ\u00e0, rispetto alla quale agisce come sintesi organica di prospettive e valori, oltre che come centro di ri-articolazione nella societ\u00e0 stessa, sottoponendola anche alle revisioni che tale processo di trasmissione culturale sempre comporta.<br \/>\nLa funzione ideologica non \u00e8 solo riproduttiva ma critico \u2013 riproduttiva, cos\u00ec da assegnarle un ruolo proiettato anche e soprattutto sull&#8217;innovazione sociale e culturale. Al tempo stesso anche i processi educativi si sono connotati in forma pi\u00f9 marcatamente ideologica, nella famiglia, nella scuola (statalizzata e resa obbligatoria si \u00e8 caratterizzata per le finalit\u00e0 socio \u2013 politiche che l&#8217;hanno investita), nel tempo libero (sempre pi\u00f9 sottratto a riti e usanze comunitarie per essere invece gestito da associazioni statali o economiche o sindacali nelle forme dello scoutismo, delle associazioni sportive, dei gruppi parascolastici eccetera).<br \/>\nIl doppio processo di ideologizzazione subito dalla <a href=\"https:\/\/it.wikipedia.org\/wiki\/Pedagogia\" target=\"_blank\" rel=\"noopener\">pedagogia<\/a> ha avuto come effetto anche di porre al centro della riflessione sull&#8217;educazione il rapporto complesso, ambiguo e tensione, ma anche dialettico, tra educazione e societ\u00e0, tra <a href=\"https:\/\/it.wikipedia.org\/wiki\/Pedagogia\" target=\"_blank\" rel=\"noopener\">pedagogia<\/a> e societ\u00e0, tra scuola e societ\u00e0, che ha attraversato in maniera tipizzante tutta la teorizzazione pedagogica degli ultimi secoli.<\/p>\n","protected":false},"excerpt":{"rendered":"<p>Il ruolo sociale sempre pi\u00f9 centrale che ha contrassegnato la pedagogia nell&#8217;et\u00e0 contemporanea si \u00e8 manifestato soprattutto come una stretta dipendenza dall&#8217;ideologia, dai progetti di dominio, organizzazione e trasformazione del mondo sociale, espressi dalle diverse classi sociali, dai gruppi culturali e cos\u00ec via. La costruttivit\u00e0 ha avuto un ruolo tutt&#8217;altro che marginale, nel senso che &hellip;<\/p>\n","protected":false},"author":1,"featured_media":856,"comment_status":"open","ping_status":"open","sticky":false,"template":"","format":"standard","meta":{"_uf_show_specific_survey":0,"_uf_disable_surveys":false},"categories":[11],"tags":[90,18,17,95],"_links":{"self":[{"href":"https:\/\/www.associazionesara.it\/index.php\/wp-json\/wp\/v2\/posts\/855"}],"collection":[{"href":"https:\/\/www.associazionesara.it\/index.php\/wp-json\/wp\/v2\/posts"}],"about":[{"href":"https:\/\/www.associazionesara.it\/index.php\/wp-json\/wp\/v2\/types\/post"}],"author":[{"embeddable":true,"href":"https:\/\/www.associazionesara.it\/index.php\/wp-json\/wp\/v2\/users\/1"}],"replies":[{"embeddable":true,"href":"https:\/\/www.associazionesara.it\/index.php\/wp-json\/wp\/v2\/comments?post=855"}],"version-history":[{"count":1,"href":"https:\/\/www.associazionesara.it\/index.php\/wp-json\/wp\/v2\/posts\/855\/revisions"}],"predecessor-version":[{"id":857,"href":"https:\/\/www.associazionesara.it\/index.php\/wp-json\/wp\/v2\/posts\/855\/revisions\/857"}],"wp:featuredmedia":[{"embeddable":true,"href":"https:\/\/www.associazionesara.it\/index.php\/wp-json\/wp\/v2\/media\/856"}],"wp:attachment":[{"href":"https:\/\/www.associazionesara.it\/index.php\/wp-json\/wp\/v2\/media?parent=855"}],"wp:term":[{"taxonomy":"category","embeddable":true,"href":"https:\/\/www.associazionesara.it\/index.php\/wp-json\/wp\/v2\/categories?post=855"},{"taxonomy":"post_tag","embeddable":true,"href":"https:\/\/www.associazionesara.it\/index.php\/wp-json\/wp\/v2\/tags?post=855"}],"curies":[{"name":"wp","href":"https:\/\/api.w.org\/{rel}","templated":true}]}}