{"id":858,"date":"2017-01-16T16:01:08","date_gmt":"2017-01-16T15:01:08","guid":{"rendered":"http:\/\/www.associazionesara.it\/?p=858"},"modified":"2018-02-08T15:46:36","modified_gmt":"2018-02-08T14:46:36","slug":"integrazione-disabili","status":"publish","type":"post","link":"https:\/\/www.associazionesara.it\/index.php\/2017\/01\/16\/integrazione-disabili\/","title":{"rendered":"Integrazione disabili"},"content":{"rendered":"<p style=\"text-align: justify;\">L\u2019inserimento lavorativo di persone con disabilit\u00e0 costituisce da un lato, l\u2019elemento chiave per l\u2019integrazione sociale vera, stabile e duratura di tali persone nella societ\u00e0, dall\u2019altro l\u2019elemento problematico, in considerazione proprio delle difficolt\u00e0 di apprendimento.<br \/>\nIl lavoro rappresenta il raggiungimento di uno status sociale non subordinato che consente una maggiore autonomia. \u00c8 inoltre un potente mezzo rieducativo, per acquisire e stabilizzare determinate competenze e diminuire le difficolt\u00e0. Lavorare facilita l\u2019apprendimento di conoscenze immediatamente utilizzabili e la generalizzazione di abilit\u00e0 cognitive, motorie e del comportamento sociale, in situazioni diverse o simili, ma mai perfettamente uguali. Le attivit\u00e0 di inserimento e integrazione lavorativa delle persone con handicap sono realizzate da enti, istituzioni, cooperative sociali, di lavoro, di servizi, centri di lavoro guidato, associazioni ed organizzazioni di volontariato. Lo indica l&#8217;articolo 18, che per queste realt\u00e0 prevede anche l&#8217;iscrizione in un albo regionale, sulla base del possesso di specifici requisiti. L&#8217;articolo 18, poi, prevede che le regioni possano stabilire apposite agevolazioni destinate alle persone handicappate per recarsi al lavoro o per svolgere un&#8217;attivit\u00e0 lavorativa autonoma. Allo stesso modo, le regioni possono disciplinare incentivi, agevolazioni e contributi ai datori di lavoro per assumere persone con handicap e per adattare l&#8217;ambiente lavorativo. Nonostante gli indubbi progressi realizzati dalla nostra societ\u00e0 nella percezione e nella tutela dei soggetti disabili, la realt\u00e0 di queste persone attende tuttora un pieno riconoscimento. La promozione di una vera e propria cultura dell\u2019integrazione delle disabilit\u00e0 \u00e8 infatti un traguardo irrinunciabile per una societ\u00e0 che aspiri realmente a garantire le condizioni essenziali di uguaglianza per tutti i suoi cittadini ed in tutti gli ambiti socio &#8211; culturali.<\/p>\n","protected":false},"excerpt":{"rendered":"<p>L\u2019inserimento lavorativo di persone con disabilit\u00e0 costituisce da un lato, l\u2019elemento chiave per l\u2019integrazione sociale vera, stabile e duratura di tali persone nella societ\u00e0, dall\u2019altro l\u2019elemento problematico, in considerazione proprio delle difficolt\u00e0 di apprendimento. Il lavoro rappresenta il raggiungimento di uno status sociale non subordinato che consente una maggiore autonomia. \u00c8 inoltre un potente mezzo &hellip;<\/p>\n","protected":false},"author":1,"featured_media":861,"comment_status":"open","ping_status":"open","sticky":false,"template":"","format":"standard","meta":{"_uf_show_specific_survey":0,"_uf_disable_surveys":false},"categories":[11],"tags":[97,96,35,23],"_links":{"self":[{"href":"https:\/\/www.associazionesara.it\/index.php\/wp-json\/wp\/v2\/posts\/858"}],"collection":[{"href":"https:\/\/www.associazionesara.it\/index.php\/wp-json\/wp\/v2\/posts"}],"about":[{"href":"https:\/\/www.associazionesara.it\/index.php\/wp-json\/wp\/v2\/types\/post"}],"author":[{"embeddable":true,"href":"https:\/\/www.associazionesara.it\/index.php\/wp-json\/wp\/v2\/users\/1"}],"replies":[{"embeddable":true,"href":"https:\/\/www.associazionesara.it\/index.php\/wp-json\/wp\/v2\/comments?post=858"}],"version-history":[{"count":1,"href":"https:\/\/www.associazionesara.it\/index.php\/wp-json\/wp\/v2\/posts\/858\/revisions"}],"predecessor-version":[{"id":860,"href":"https:\/\/www.associazionesara.it\/index.php\/wp-json\/wp\/v2\/posts\/858\/revisions\/860"}],"wp:featuredmedia":[{"embeddable":true,"href":"https:\/\/www.associazionesara.it\/index.php\/wp-json\/wp\/v2\/media\/861"}],"wp:attachment":[{"href":"https:\/\/www.associazionesara.it\/index.php\/wp-json\/wp\/v2\/media?parent=858"}],"wp:term":[{"taxonomy":"category","embeddable":true,"href":"https:\/\/www.associazionesara.it\/index.php\/wp-json\/wp\/v2\/categories?post=858"},{"taxonomy":"post_tag","embeddable":true,"href":"https:\/\/www.associazionesara.it\/index.php\/wp-json\/wp\/v2\/tags?post=858"}],"curies":[{"name":"wp","href":"https:\/\/api.w.org\/{rel}","templated":true}]}}